{"id":186,"date":"2018-06-06T20:56:48","date_gmt":"2018-06-06T18:56:48","guid":{"rendered":"http:\/\/la-bretelle.fr\/?p=186"},"modified":"2018-06-06T21:01:11","modified_gmt":"2018-06-06T19:01:11","slug":"le-magasin-des-suicides-jean-teule","status":"publish","type":"post","link":"https:\/\/la-bretelle.fr\/index.php\/2018\/06\/06\/le-magasin-des-suicides-jean-teule\/","title":{"rendered":"Le Magasin des Suicides, incontr\u00f4l\u00e9 et incontr\u00f4lable"},"content":{"rendered":"<p><i>\u00ab\u00a0&#8211; Qu&rsquo;est-ce que vous vouliez, vous ?! &#8211; Une corde pour me pendre.\u00a0\u00bb<\/i><\/p>\n<p><!--more--><\/p>\n<p>Chez les Tuvache, on est commer\u00e7ant de p\u00e8re en fils. Cordes de chanvre, fioles de belladone, tanto et kimono folklo, bonbons fourr\u00e9s au cyanure : dans un monde post-apocalyptique victime d\u2019une catastrophe environnementale dont personne ne se rel\u00e8vera, tous les moyens sont bons pour mettre un terme \u00e0 sa triste vie. Et avec style, s\u2019il vous pla\u00eet.<\/p>\n<p>C\u2019est avec beaucoup de cynisme que Jean Teul\u00e9 d\u00e9peint sa soci\u00e9t\u00e9 en n\u00e9gatif. <b>Le Magasin des Suicides<\/b> consid\u00e8re le bonheur comme un affront. \u00ab Vous avez rat\u00e9 votre vie ? R\u00e9ussissez votre mort ! \u00bb, peut-on lire sur les sacs en plastique de la boutique. Pochons si r\u00e9sistants qu\u2019ils soulagent les SDF du poids de la tourmente une fois bien serr\u00e9s autour de leur cou. On n&rsquo;oublie surtout pas de recycler, m\u00eame en p\u00e9riode de d\u00e9sastre \u00e9cologique.<\/p>\n<p>On ne peut que grincer des dents \u00e0 la lecture de cette dystopie suffisamment d\u00e9prim\u00e9e pour baptiser ses personnages selon de c\u00e9l\u00e8bres suicid\u00e9s. Mishima, Lucr\u00e8ce, Vincent, Marilyn, Alan : <b>Le Magasin des Suicides<\/b> se permettrait presque une petite le\u00e7on de culture g\u00e9. Mais ce qui semble parfois relever d\u2019une cr\u00e9ativit\u00e9 in\u00e9dite finit par succomber \u00e0 la th\u00e9\u00e2tralit\u00e9 appuy\u00e9e. On regrette que Teul\u00e9 se laisse si souvent d\u00e9passer par son sujet, accouchant d\u2019une farce incontr\u00f4lable dont on a perdu le fil depuis longtemps.<\/p>\n\n<div class=\"sp-wrap sp-wrap-default\">\n<div class=\"sp-head\" title=\"Expand\">\nLire le dernier paragraphe du roman\n<\/div>\n<div class=\"sp-body folded\">\n<p>\u00ab\u00a0Leur bonheur \u00e0 tous, foi soudaine en l&rsquo;avenir, et ces sourires radieux \u00e0 leurs faces, c&rsquo;est l&rsquo;\u0153uvre de sa vie. \u00c0 deux m\u00e8tres de lui, sa s\u0153ur est hilare. Mme Tuvache le regarde s&rsquo;approcher comme si elle voyait soudain sa m\u00e8re arriver sous le pr\u00e9au de l&rsquo;\u00e9cole. La mission d&rsquo;Alan est accomplie. Il ouvre sa main !\u00a0\u00bb<\/p>\n<\/div>\n<\/div>\n\n","protected":false},"excerpt":{"rendered":"<p>\u00ab\u00a0&#8211; Qu&rsquo;est-ce que vous vouliez, vous ?! &#8211; Une corde pour me pendre.\u00a0\u00bb<\/p>\n","protected":false},"author":1,"featured_media":193,"comment_status":"open","ping_status":"open","sticky":false,"template":"","format":"standard","meta":{"spay_email":"","footnotes":"","jetpack_publicize_message":"","jetpack_is_tweetstorm":false},"categories":[3],"tags":[82,81,80,4,83],"class_list":["post-186","post","type-post","status-publish","format-standard","has-post-thumbnail","hentry","category-roman","tag-jean-teule","tag-julliard","tag-le-magasin-des-suicides","tag-roman","tag-suicide"],"jetpack_featured_media_url":"https:\/\/i0.wp.com\/la-bretelle.fr\/wp-content\/uploads\/2018\/06\/Le-Magasin-des-suicides.jpg?fit=4608%2C2592&ssl=1","jetpack_publicize_connections":[],"jetpack_shortlink":"https:\/\/wp.me\/p9JL0e-30","jetpack-related-posts":[{"id":436,"url":"https:\/\/la-bretelle.fr\/index.php\/2019\/10\/07\/cent-millions-dannees-et-un-jour-jean-baptiste-andrea\/","url_meta":{"origin":186,"position":0},"title":"Cent millions d\u2019ann\u00e9es et un jour, promesse d'aventures","date":"7 octobre 2019","format":false,"excerpt":"\u00ab\u00a0\u2013 Stan\u00e8, le gosse a raison\u2026 Il va bien falloir que tu nous dises ce qu\u2019on cherche.Nous y sommes. Plus question de reculer. Tu veux vraiment savoir, Berti ? [...]\u2013 Un dragon. Nous cherchons un dragon. \u00bb Il aura fallu Cent millions d\u2019ann\u00e9es et un jour \u00e0 Stan pour mener\u2026","rel":"","context":"Dans &quot;Roman&quot;","img":{"alt_text":"","src":"https:\/\/i1.wp.com\/la-bretelle.fr\/wp-content\/uploads\/2019\/10\/Cent-millions-dann\u00e9es-et-un-jour.jpg?fit=1200%2C600&ssl=1&resize=350%2C200","width":350,"height":200},"classes":[]},{"id":125,"url":"https:\/\/la-bretelle.fr\/index.php\/2018\/05\/01\/les-grandes-marees-jim-lynch\/","url_meta":{"origin":186,"position":1},"title":"Les Grandes Mar\u00e9es, grandir et balayer ses pr\u00e9jug\u00e9s","date":"1 mai 2018","format":false,"excerpt":"\u00ab\u00a0Je pense qu\u2019il est plus facile d\u2019ouvrir les yeux quand on est enfant. On n\u2019est jamais press\u00e9 d\u2019aller quelque part, on n\u2019a pas ces longues listes de choses \u00e0 faire, comme vous autres.\u00a0\u00bb C\u2019est un cours de biologie marine passionnant doubl\u00e9 d\u2019une fable attachante sur le passage \u00e0 l\u2019\u00e2ge adulte.\u2026","rel":"","context":"Dans &quot;Roman&quot;","img":{"alt_text":"","src":"https:\/\/i0.wp.com\/la-bretelle.fr\/wp-content\/uploads\/2018\/05\/Les-Grandes-Mar\u00e9es.jpg?fit=1200%2C675&ssl=1&resize=350%2C200","width":350,"height":200},"classes":[]},{"id":61,"url":"https:\/\/la-bretelle.fr\/index.php\/2018\/03\/10\/hate-toi-de-vivre-laure-rollier\/","url_meta":{"origin":186,"position":2},"title":"H\u00e2te-toi de vivre ! entre maladresse, clich\u00e9s et inexactitudes","date":"10 mars 2018","format":false,"excerpt":"\u00ab Je n\u2019aime pas \u00e7a. \u00catre en retard je veux dire. Mais il est hors de question que j\u2019attaque la journ\u00e9e sans mon intraveineuse de caf\u00e9ine\u2026 Putain, il est d\u00e9j\u00e0 7 h 35. J\u2019hallucine. J\u2019ai cours \u00e0 8 heures. Autant se rendre tout de suite \u00e0 l\u2019\u00e9vidence : comme je\u2026","rel":"","context":"Dans &quot;Roman&quot;","img":{"alt_text":"","src":"https:\/\/i2.wp.com\/la-bretelle.fr\/wp-content\/uploads\/2018\/03\/H\u00e2te-toi-de-vivre.jpg?fit=1200%2C900&ssl=1&resize=350%2C200","width":350,"height":200},"classes":[]},{"id":149,"url":"https:\/\/la-bretelle.fr\/index.php\/2018\/05\/13\/le-dernier-stade-de-la-soif-frederick-exley\/","url_meta":{"origin":186,"position":3},"title":"Le Dernier stade de la soif, autodestruction et fureur de vivre","date":"13 mai 2018","format":false,"excerpt":"\u00ab Je m'\u00e9tais battu car j'avais compris sans le vouloir que contrairement \u00e0 mon p\u00e8re dont la destin\u00e9e avait \u00e9t\u00e9 de vivre port\u00e9 par les clameurs, le mien \u00e9tait de rester parqu\u00e9 dans les gradins avec la foule et d'acclamer les autres. C\u2019\u00e9tait mon sort, mon destin, ma fin que\u2026","rel":"","context":"Dans &quot;Roman&quot;","img":{"alt_text":"","src":"https:\/\/i2.wp.com\/la-bretelle.fr\/wp-content\/uploads\/2018\/05\/Le-dernier-stade-de-la-soif.jpg?fit=1200%2C675&ssl=1&resize=350%2C200","width":350,"height":200},"classes":[]},{"id":73,"url":"https:\/\/la-bretelle.fr\/index.php\/2018\/03\/15\/les-etoiles-seteignent-a-laube-richard-wagamese\/","url_meta":{"origin":186,"position":4},"title":"Les Etoiles s\u2019\u00e9teignent \u00e0 l\u2019aube, l'espoir sublim\u00e9","date":"15 mars 2018","format":false,"excerpt":"\u00ab J\u2019ai entendu dire une fois par des anciens que les Ojibw\u00e9s avaient coutume d\u2019enterrer leurs guerriers assis, face \u00e0 l\u2019est, l\u00e0 o\u00f9 se l\u00e8ve le soleil, avec toutes leurs armes et leurs affaires autour d\u2019eux. \u00bb C\u2019est un livre qui vous happe. Le genre de ceux qu\u2019on redoute de\u2026","rel":"","context":"Dans &quot;Coup de c\u0153ur&quot;","img":{"alt_text":"","src":"https:\/\/i1.wp.com\/la-bretelle.fr\/wp-content\/uploads\/2018\/03\/Les-\u00e9toiles-s\u00e9teignent-\u00e0-laube-1.jpg?fit=1200%2C675&ssl=1&resize=350%2C200","width":350,"height":200},"classes":[]},{"id":263,"url":"https:\/\/la-bretelle.fr\/index.php\/2018\/09\/28\/la-vraie-vie-adeline-dieudonne\/","url_meta":{"origin":186,"position":5},"title":"La Vraie vie, ouvrir les yeux et grandir","date":"28 septembre 2018","format":false,"excerpt":"\u00ab \u00c0 partir de ce moment-l\u00e0, ma vie ne m\u2019est plus apparue que comme une branche rat\u00e9e de la r\u00e9alit\u00e9, un brouillon destin\u00e9 \u00e0 \u00eatre r\u00e9\u00e9crit, et tout m\u2019a sembl\u00e9 plus supportable. \u00bb Dans le D\u00e9mo, elle habite le pavillon le moins moche du lotissement. Tout est gris, la chaleur\u2026","rel":"","context":"Dans &quot;Roman&quot;","img":{"alt_text":"","src":"https:\/\/i0.wp.com\/la-bretelle.fr\/wp-content\/uploads\/2018\/09\/La-Vraie-Vie.jpg?fit=1200%2C599&ssl=1&resize=350%2C200","width":350,"height":200},"classes":[]}],"_links":{"self":[{"href":"https:\/\/la-bretelle.fr\/index.php\/wp-json\/wp\/v2\/posts\/186","targetHints":{"allow":["GET"]}}],"collection":[{"href":"https:\/\/la-bretelle.fr\/index.php\/wp-json\/wp\/v2\/posts"}],"about":[{"href":"https:\/\/la-bretelle.fr\/index.php\/wp-json\/wp\/v2\/types\/post"}],"author":[{"embeddable":true,"href":"https:\/\/la-bretelle.fr\/index.php\/wp-json\/wp\/v2\/users\/1"}],"replies":[{"embeddable":true,"href":"https:\/\/la-bretelle.fr\/index.php\/wp-json\/wp\/v2\/comments?post=186"}],"version-history":[{"count":8,"href":"https:\/\/la-bretelle.fr\/index.php\/wp-json\/wp\/v2\/posts\/186\/revisions"}],"predecessor-version":[{"id":195,"href":"https:\/\/la-bretelle.fr\/index.php\/wp-json\/wp\/v2\/posts\/186\/revisions\/195"}],"wp:featuredmedia":[{"embeddable":true,"href":"https:\/\/la-bretelle.fr\/index.php\/wp-json\/wp\/v2\/media\/193"}],"wp:attachment":[{"href":"https:\/\/la-bretelle.fr\/index.php\/wp-json\/wp\/v2\/media?parent=186"}],"wp:term":[{"taxonomy":"category","embeddable":true,"href":"https:\/\/la-bretelle.fr\/index.php\/wp-json\/wp\/v2\/categories?post=186"},{"taxonomy":"post_tag","embeddable":true,"href":"https:\/\/la-bretelle.fr\/index.php\/wp-json\/wp\/v2\/tags?post=186"}],"curies":[{"name":"wp","href":"https:\/\/api.w.org\/{rel}","templated":true}]}}